{"id":5642,"date":"2019-04-03T10:57:10","date_gmt":"2019-04-03T13:57:10","guid":{"rendered":"https:\/\/des-ers.infd.edu.ar\/sitio\/?p=5642"},"modified":"2019-04-09T12:40:26","modified_gmt":"2019-04-09T15:40:26","slug":"mesuper-autoridades-de-universidades-y-de-las-direcciones-del-nivel-superior-analizaran-la-situacion-del-nivel-en-un-proyecto-conjunto","status":"publish","type":"post","link":"https:\/\/des-ers.infd.edu.ar\/sitio\/mesuper-autoridades-de-universidades-y-de-las-direcciones-del-nivel-superior-analizaran-la-situacion-del-nivel-en-un-proyecto-conjunto\/","title":{"rendered":"MESUPER: Autoridades de Universidades y de las Direcciones de Educaci\u00f3n Superior analizar\u00e1n la situaci\u00f3n del nivel en un proyecto conjunto"},"content":{"rendered":"<p>Se llev\u00f3 a cabo la 4ta Mesa de Educaci\u00f3n Superior de Entre R\u00edos, en la que se trabaj\u00f3 el l \u00abProyecto: An\u00e1lisis Situacional de la Educaci\u00f3n Superior de la Regi\u00f3n Centro. El caso Entre R\u00edos\u00bb, que fue abordado en el encuentro anterior, en noviembre de 2018.<br \/>\nLa propuesta, en la que trabajar\u00e1n referentes de Universidades p\u00fablicas y privadas y representantes de la Direcci\u00f3n de Superior P\u00fablica y de gesti\u00f3n privada, es realizar un an\u00e1lisis de la situaci\u00f3n de la Educaci\u00f3n Superior en la provincia respecto de la oferta y la demanda de carreras terciarias y\/o universitarias.<\/p>\n<p><img decoding=\"async\" loading=\"lazy\" class=\"wp-image-5645 size-thumbnail aligncenter\" src=\"https:\/\/des-ers.infd.edu.ar\/sitio\/wp-content\/uploads\/2019\/04\/WhatsApp-Image-2019-04-03-at-10.53.16-1-500x500.jpeg\" alt=\"\" width=\"500\" height=\"500\" \/><br \/>\n\u00abResulta necesario producir datos actualizados acerca de los institutos de educaci\u00f3n superior y de universidades nacionales, provinciales de gesti\u00f3n p\u00fablica y privada, atendiendo no s\u00f3lo a los aspectos recurrentes o comunes sino tambi\u00e9n a las singularidades.<br \/>\nDisponer de una base s\u00f3lida de informaci\u00f3n georreferenciada, permitir\u00e1 realizar un an\u00e1lisis situacional pormenorizado a fin de atender las necesidades locales y regionales, las prioridades y\/o intereses de los distintos organismos intervinientes en la investigaci\u00f3n\u00bb se manifista en el documento. El proyecto fue elevado al CFI (Consejo Federal de Inversiones) y aprobado el jueves pasado.<\/p>\n<p>En el encuentro, llevado a cabo en la Facultad de Trabajo Social de la UNER estuvieron presentes autoridades y representantes de la UCU, UCA, UADER, UNER, UTN adem\u00e1s de las Directoras del Nivel Superior P\u00fablica y de Gesti\u00f3n Privada, Marcela Mange\u00f3n y Fabiana Minatta, acompa\u00f1adas por integrantes de sus equipos t\u00e9cnicos.<\/p>\n","protected":false},"excerpt":{"rendered":"<p>Se llev\u00f3 a cabo la 4ta Mesa de Educaci\u00f3n Superior de Entre R\u00edos, en la que se trabaj\u00f3 el l \u00abProyecto: An\u00e1lisis Situacional de la Educaci\u00f3n Superior de la Regi\u00f3n Centro. El caso Entre R\u00edos\u00bb, que fue abordado en el encuentro anterior, en noviembre de 2018. La propuesta, en la que trabajar\u00e1n referentes de Universidades &#8230; <a title=\"MESUPER: Autoridades de Universidades y de las Direcciones de Educaci\u00f3n Superior analizar\u00e1n la situaci\u00f3n del nivel en un proyecto conjunto\" class=\"read-more\" href=\"https:\/\/des-ers.infd.edu.ar\/sitio\/mesuper-autoridades-de-universidades-y-de-las-direcciones-del-nivel-superior-analizaran-la-situacion-del-nivel-en-un-proyecto-conjunto\/\" aria-label=\"More on MESUPER: Autoridades de Universidades y de las Direcciones de Educaci\u00f3n Superior analizar\u00e1n la situaci\u00f3n del nivel en un proyecto conjunto\">[+]<\/a><\/p>\n","protected":false},"author":7,"featured_media":5644,"comment_status":"open","ping_status":"open","sticky":false,"template":"","format":"standard","meta":[],"categories":[7,30,6],"tags":[57,56,18,55,51,54],"acf":[],"_links":{"self":[{"href":"https:\/\/des-ers.infd.edu.ar\/sitio\/wp-json\/wp\/v2\/posts\/5642"}],"collection":[{"href":"https:\/\/des-ers.infd.edu.ar\/sitio\/wp-json\/wp\/v2\/posts"}],"about":[{"href":"https:\/\/des-ers.infd.edu.ar\/sitio\/wp-json\/wp\/v2\/types\/post"}],"author":[{"embeddable":true,"href":"https:\/\/des-ers.infd.edu.ar\/sitio\/wp-json\/wp\/v2\/users\/7"}],"replies":[{"embeddable":true,"href":"https:\/\/des-ers.infd.edu.ar\/sitio\/wp-json\/wp\/v2\/comments?post=5642"}],"version-history":[{"count":3,"href":"https:\/\/des-ers.infd.edu.ar\/sitio\/wp-json\/wp\/v2\/posts\/5642\/revisions"}],"predecessor-version":[{"id":5671,"href":"https:\/\/des-ers.infd.edu.ar\/sitio\/wp-json\/wp\/v2\/posts\/5642\/revisions\/5671"}],"wp:featuredmedia":[{"embeddable":true,"href":"https:\/\/des-ers.infd.edu.ar\/sitio\/wp-json\/wp\/v2\/media\/5644"}],"wp:attachment":[{"href":"https:\/\/des-ers.infd.edu.ar\/sitio\/wp-json\/wp\/v2\/media?parent=5642"}],"wp:term":[{"taxonomy":"category","embeddable":true,"href":"https:\/\/des-ers.infd.edu.ar\/sitio\/wp-json\/wp\/v2\/categories?post=5642"},{"taxonomy":"post_tag","embeddable":true,"href":"https:\/\/des-ers.infd.edu.ar\/sitio\/wp-json\/wp\/v2\/tags?post=5642"}],"curies":[{"name":"wp","href":"https:\/\/api.w.org\/{rel}","templated":true}]}}