{"id":5522,"date":"2018-10-05T13:04:22","date_gmt":"2018-10-05T16:04:22","guid":{"rendered":"https:\/\/des-ers.infd.edu.ar\/sitio\/?p=5522"},"modified":"2018-10-05T13:04:22","modified_gmt":"2018-10-05T16:04:22","slug":"se-desarrollo-el-segundo-encuentro-del-ciclo-de-formacion-para-el-fortalecimiento-de-los-consejos-directivos-institucionales","status":"publish","type":"post","link":"https:\/\/des-ers.infd.edu.ar\/sitio\/se-desarrollo-el-segundo-encuentro-del-ciclo-de-formacion-para-el-fortalecimiento-de-los-consejos-directivos-institucionales\/","title":{"rendered":"Se desarroll\u00f3 el Segundo encuentro del Ciclo de Formaci\u00f3n para el fortalecimiento de los Consejos Directivos Institucionales"},"content":{"rendered":"<p>\u201cEl desaf\u00edo del co-gobierno y la autonom\u00eda institucional\u201d es una propuesta de formaci\u00f3n y actualizaci\u00f3n para integrantes de los consejos directivos de los institutos superiores que aborda tres t\u00f3picos: la autonom\u00eda institucional en el marco de la normativa, la dimensi\u00f3n pedag\u00f3gica en la toma de decisiones y el planeamiento estrat\u00e9gico para la elaboraci\u00f3n de proyectos formativos.<\/p>\n<p><img decoding=\"async\" loading=\"lazy\" class=\"alignnone size-medium wp-image-5524\" src=\"https:\/\/des-ers.infd.edu.ar\/sitio\/wp-content\/uploads\/2018\/10\/WhatsApp-Image-2018-10-05-at-12.30.34-2-1000x750.jpeg\" alt=\"\" width=\"1000\" height=\"750\" srcset=\"https:\/\/des-ers.infd.edu.ar\/sitio\/wp-content\/uploads\/2018\/10\/WhatsApp-Image-2018-10-05-at-12.30.34-2-1000x750.jpeg 1000w, https:\/\/des-ers.infd.edu.ar\/sitio\/wp-content\/uploads\/2018\/10\/WhatsApp-Image-2018-10-05-at-12.30.34-2-768x576.jpeg 768w, https:\/\/des-ers.infd.edu.ar\/sitio\/wp-content\/uploads\/2018\/10\/WhatsApp-Image-2018-10-05-at-12.30.34-2.jpeg 1032w\" sizes=\"(max-width: 1000px) 100vw, 1000px\" \/> <img decoding=\"async\" loading=\"lazy\" class=\"alignnone size-medium wp-image-5525\" src=\"https:\/\/des-ers.infd.edu.ar\/sitio\/wp-content\/uploads\/2018\/10\/WhatsApp-Image-2018-10-05-at-12.30.34-3-1000x750.jpeg\" alt=\"\" width=\"1000\" height=\"750\" srcset=\"https:\/\/des-ers.infd.edu.ar\/sitio\/wp-content\/uploads\/2018\/10\/WhatsApp-Image-2018-10-05-at-12.30.34-3-1000x750.jpeg 1000w, https:\/\/des-ers.infd.edu.ar\/sitio\/wp-content\/uploads\/2018\/10\/WhatsApp-Image-2018-10-05-at-12.30.34-3-768x576.jpeg 768w, https:\/\/des-ers.infd.edu.ar\/sitio\/wp-content\/uploads\/2018\/10\/WhatsApp-Image-2018-10-05-at-12.30.34-3.jpeg 1032w\" sizes=\"(max-width: 1000px) 100vw, 1000px\" \/><br \/>\nEn la jornada, llevada a cabo en el Sal\u00f3n del Colegio Nacional, adem\u00e1s de abordar las tem\u00e1ticas de la formaci\u00f3n, los equipos desarrollaron un role playing con problem\u00e1ticas de las instituciones y luego intercambiaron experiencias.Los departamentos que asistieron en esta ocasi\u00f3n fueron los de Paran\u00e1, La Paz, Nogoy\u00e1, Victoria, Diamante, Tala y Villaguay.<\/p>\n","protected":false},"excerpt":{"rendered":"<p>\u201cEl desaf\u00edo del co-gobierno y la autonom\u00eda institucional\u201d es una propuesta de formaci\u00f3n y actualizaci\u00f3n para integrantes de los consejos directivos de los institutos superiores que aborda tres t\u00f3picos: la autonom\u00eda institucional en el marco de la normativa, la dimensi\u00f3n pedag\u00f3gica en la toma de decisiones y el planeamiento estrat\u00e9gico para la elaboraci\u00f3n de proyectos &#8230; <a title=\"Se desarroll\u00f3 el Segundo encuentro del Ciclo de Formaci\u00f3n para el fortalecimiento de los Consejos Directivos Institucionales\" class=\"read-more\" href=\"https:\/\/des-ers.infd.edu.ar\/sitio\/se-desarrollo-el-segundo-encuentro-del-ciclo-de-formacion-para-el-fortalecimiento-de-los-consejos-directivos-institucionales\/\" aria-label=\"More on Se desarroll\u00f3 el Segundo encuentro del Ciclo de Formaci\u00f3n para el fortalecimiento de los Consejos Directivos Institucionales\">[+]<\/a><\/p>\n","protected":false},"author":7,"featured_media":5523,"comment_status":"open","ping_status":"open","sticky":false,"template":"","format":"standard","meta":[],"categories":[7,6],"tags":[32,31],"acf":[],"_links":{"self":[{"href":"https:\/\/des-ers.infd.edu.ar\/sitio\/wp-json\/wp\/v2\/posts\/5522"}],"collection":[{"href":"https:\/\/des-ers.infd.edu.ar\/sitio\/wp-json\/wp\/v2\/posts"}],"about":[{"href":"https:\/\/des-ers.infd.edu.ar\/sitio\/wp-json\/wp\/v2\/types\/post"}],"author":[{"embeddable":true,"href":"https:\/\/des-ers.infd.edu.ar\/sitio\/wp-json\/wp\/v2\/users\/7"}],"replies":[{"embeddable":true,"href":"https:\/\/des-ers.infd.edu.ar\/sitio\/wp-json\/wp\/v2\/comments?post=5522"}],"version-history":[{"count":1,"href":"https:\/\/des-ers.infd.edu.ar\/sitio\/wp-json\/wp\/v2\/posts\/5522\/revisions"}],"predecessor-version":[{"id":5526,"href":"https:\/\/des-ers.infd.edu.ar\/sitio\/wp-json\/wp\/v2\/posts\/5522\/revisions\/5526"}],"wp:featuredmedia":[{"embeddable":true,"href":"https:\/\/des-ers.infd.edu.ar\/sitio\/wp-json\/wp\/v2\/media\/5523"}],"wp:attachment":[{"href":"https:\/\/des-ers.infd.edu.ar\/sitio\/wp-json\/wp\/v2\/media?parent=5522"}],"wp:term":[{"taxonomy":"category","embeddable":true,"href":"https:\/\/des-ers.infd.edu.ar\/sitio\/wp-json\/wp\/v2\/categories?post=5522"},{"taxonomy":"post_tag","embeddable":true,"href":"https:\/\/des-ers.infd.edu.ar\/sitio\/wp-json\/wp\/v2\/tags?post=5522"}],"curies":[{"name":"wp","href":"https:\/\/api.w.org\/{rel}","templated":true}]}}