{"id":5405,"date":"2018-08-08T10:59:22","date_gmt":"2018-08-08T13:59:22","guid":{"rendered":"https:\/\/des-ers.infd.edu.ar\/sitio\/?p=5405"},"modified":"2018-08-08T11:01:02","modified_gmt":"2018-08-08T14:01:02","slug":"se-realizo-el-primer-encuentro-provincial-de-cipes-y-crpes","status":"publish","type":"post","link":"https:\/\/des-ers.infd.edu.ar\/sitio\/se-realizo-el-primer-encuentro-provincial-de-cipes-y-crpes\/","title":{"rendered":"Se realiz\u00f3 el primer encuentro provincial de CIPES y CRPES"},"content":{"rendered":"<p>Coordinadores Institucionales y Regionales de Pol\u00edticas Estudiantiles se reunieron en las oficinas de la Direcci\u00f3n para articular su trabajo en territorio y en el acompa\u00f1amiento del equipo en los ejes fundamentales: Trayectorias estudiantiles y fortalecimiento de la participaci\u00f3n estudiantil. As\u00ed tambi\u00e9n, hicieron un an\u00e1lisis diagn\u00f3stico de la situaci\u00f3n en las instituciones de toda la provincia y trataron temas como el Registro \u00danico de Centros de Estudiantes, que fue lanzado este a\u00f1o y que posibilitar\u00e1 acordar acciones para fortalecer y acompa\u00f1ar las trayectorias y la participaci\u00f3n estudiantil.<\/p>\n<p>&nbsp;<\/p>\n<p><img decoding=\"async\" loading=\"lazy\" class=\"alignnone size-medium wp-image-5406\" src=\"https:\/\/des-ers.infd.edu.ar\/sitio\/wp-content\/uploads\/2018\/08\/WhatsApp-Image-2018-08-07-at-18.56.46-1000x576.jpeg\" alt=\"\" width=\"1000\" height=\"576\" srcset=\"https:\/\/des-ers.infd.edu.ar\/sitio\/wp-content\/uploads\/2018\/08\/WhatsApp-Image-2018-08-07-at-18.56.46-1000x576.jpeg 1000w, https:\/\/des-ers.infd.edu.ar\/sitio\/wp-content\/uploads\/2018\/08\/WhatsApp-Image-2018-08-07-at-18.56.46-768x442.jpeg 768w, https:\/\/des-ers.infd.edu.ar\/sitio\/wp-content\/uploads\/2018\/08\/WhatsApp-Image-2018-08-07-at-18.56.46.jpeg 1280w\" sizes=\"(max-width: 1000px) 100vw, 1000px\" \/> <img decoding=\"async\" loading=\"lazy\" class=\"alignnone size-medium wp-image-5407\" src=\"https:\/\/des-ers.infd.edu.ar\/sitio\/wp-content\/uploads\/2018\/08\/WhatsApp-Image-2018-08-07-at-10.41.00-1000x750.jpeg\" alt=\"\" width=\"1000\" height=\"750\" srcset=\"https:\/\/des-ers.infd.edu.ar\/sitio\/wp-content\/uploads\/2018\/08\/WhatsApp-Image-2018-08-07-at-10.41.00-1000x750.jpeg 1000w, https:\/\/des-ers.infd.edu.ar\/sitio\/wp-content\/uploads\/2018\/08\/WhatsApp-Image-2018-08-07-at-10.41.00-768x576.jpeg 768w, https:\/\/des-ers.infd.edu.ar\/sitio\/wp-content\/uploads\/2018\/08\/WhatsApp-Image-2018-08-07-at-10.41.00.jpeg 1032w\" sizes=\"(max-width: 1000px) 100vw, 1000px\" \/><\/p>\n","protected":false},"excerpt":{"rendered":"<p>Coordinadores Institucionales y Regionales de Pol\u00edticas Estudiantiles se reunieron en las oficinas de la Direcci\u00f3n para articular su trabajo en territorio y en el acompa\u00f1amiento del equipo en los ejes fundamentales: Trayectorias estudiantiles y fortalecimiento de la participaci\u00f3n estudiantil. As\u00ed tambi\u00e9n, hicieron un an\u00e1lisis diagn\u00f3stico de la situaci\u00f3n en las instituciones de toda la provincia &#8230; <a title=\"Se realiz\u00f3 el primer encuentro provincial de CIPES y CRPES\" class=\"read-more\" href=\"https:\/\/des-ers.infd.edu.ar\/sitio\/se-realizo-el-primer-encuentro-provincial-de-cipes-y-crpes\/\" aria-label=\"More on Se realiz\u00f3 el primer encuentro provincial de CIPES y CRPES\">[+]<\/a><\/p>\n","protected":false},"author":7,"featured_media":5406,"comment_status":"open","ping_status":"open","sticky":false,"template":"","format":"standard","meta":[],"categories":[7,6],"tags":[13,11,14,12],"acf":[],"_links":{"self":[{"href":"https:\/\/des-ers.infd.edu.ar\/sitio\/wp-json\/wp\/v2\/posts\/5405"}],"collection":[{"href":"https:\/\/des-ers.infd.edu.ar\/sitio\/wp-json\/wp\/v2\/posts"}],"about":[{"href":"https:\/\/des-ers.infd.edu.ar\/sitio\/wp-json\/wp\/v2\/types\/post"}],"author":[{"embeddable":true,"href":"https:\/\/des-ers.infd.edu.ar\/sitio\/wp-json\/wp\/v2\/users\/7"}],"replies":[{"embeddable":true,"href":"https:\/\/des-ers.infd.edu.ar\/sitio\/wp-json\/wp\/v2\/comments?post=5405"}],"version-history":[{"count":1,"href":"https:\/\/des-ers.infd.edu.ar\/sitio\/wp-json\/wp\/v2\/posts\/5405\/revisions"}],"predecessor-version":[{"id":5408,"href":"https:\/\/des-ers.infd.edu.ar\/sitio\/wp-json\/wp\/v2\/posts\/5405\/revisions\/5408"}],"wp:featuredmedia":[{"embeddable":true,"href":"https:\/\/des-ers.infd.edu.ar\/sitio\/wp-json\/wp\/v2\/media\/5406"}],"wp:attachment":[{"href":"https:\/\/des-ers.infd.edu.ar\/sitio\/wp-json\/wp\/v2\/media?parent=5405"}],"wp:term":[{"taxonomy":"category","embeddable":true,"href":"https:\/\/des-ers.infd.edu.ar\/sitio\/wp-json\/wp\/v2\/categories?post=5405"},{"taxonomy":"post_tag","embeddable":true,"href":"https:\/\/des-ers.infd.edu.ar\/sitio\/wp-json\/wp\/v2\/tags?post=5405"}],"curies":[{"name":"wp","href":"https:\/\/api.w.org\/{rel}","templated":true}]}}