{"id":2839,"date":"2018-06-29T00:00:00","date_gmt":"2018-06-29T00:00:00","guid":{"rendered":"https:\/\/des-ers.infd.edu.ar\/sitio\/mas-de-300-docentes-se-reunieron-para-reflexionar-sobre-las-practicas\/"},"modified":"2018-09-27T16:25:59","modified_gmt":"2018-09-27T19:25:59","slug":"mas-de-300-docentes-se-reunieron-para-reflexionar-sobre-las-practicas","status":"publish","type":"post","link":"https:\/\/des-ers.infd.edu.ar\/sitio\/mas-de-300-docentes-se-reunieron-para-reflexionar-sobre-las-practicas\/","title":{"rendered":"M\u00e1s de 300 docentes se reunieron para reflexionar sobre las pr\u00e1cticas"},"content":{"rendered":"<p class=\"sitio_noticia_volanta\">Primer encuentro del Post\u00edtulo Actualizaci\u00f3n en Pr\u00e1cticas Docentes<\/p>\n<h3>M\u00e1s de 300 docentes se reunieron para reflexionar sobre las pr\u00e1cticas<\/h3>\n<p class=\"sitio_noticia_copete\">En la jornada de ayer tuvo lugar el primer encuentro del Post\u00edtulo: \u0093Actualizaci\u00f3n Acad\u00e9mica en Pr\u00e1cticas Docentes\u0094 denominado \u0093La pr\u00e1ctica docente y su dimensi\u00f3n epistemol\u00f3gica\u0094 con la presencia de 300 docentes de los institutos de toda la provincia. El evento tuvo lugar en la Escuela Alvarez Condarco, de Paran\u00e1.<\/p>\n<hr class=\"sitio_noticia_contenido\" \/>\n<p style=\"text-align: justify;\">En una jornada que se extendi\u00f3 hasta horas de la tarde, docentes de toda la provincia intercambiaron reflexones y construcciones sobres la pr\u00e1cticas.<\/p>\n<p style=\"text-align: justify;\">El equipo t\u00e9cnico pedag\u00f3gico de la Direcci\u00f3n present\u00f3 el post\u00edtulo y Dra. Ma. Amelia Migueles expuso su charla \u201cLas pr\u00e1cticas de ense\u00f1anza en instancias de formaci\u00f3n docente inicial\u201d y luego, las consignas fueron los disparadores para que rectores, secretarios acad\u00e9micos, coordinadores de pr\u00e1cticas y docentes pudieran socializar experiencias en trabajos en grupo.<\/p>\n<p style=\"text-align: justify;\">\u00abEste post\u00edtulo representa un espacio de formaci\u00f3n pero es, a la vez, algo m\u00e1s que eso. Es una defensa manifiesta a la educaci\u00f3n p\u00fablica, a la identidad de un docente que pensamos como intelectual, a la construcci\u00f3n colectiva y a la valorizaci\u00f3n del trabajo realizado en cada instituto de nuestra provincia\u00bb\u00a0manifest\u00f3 Marcela Mange\u00f3n, al dar comienzo al encuentro.<img decoding=\"async\" title=\"\" src=\"https:\/\/des-ers.infd.edu.ar\/sitio\/wp-content\/uploads\/2018\/07\/WhatsApp_Image_2018-06-28_at_10.31.16.jpeg\" alt=\"\" border=\"0\" \/><img decoding=\"async\" title=\"\" src=\"https:\/\/des-ers.infd.edu.ar\/sitio\/wp-content\/uploads\/2018\/07\/WhatsApp_Image_2018-06-28_at_18.00.37_7.jpeg\" alt=\"\" border=\"0\" \/><img decoding=\"async\" title=\"\" src=\"https:\/\/des-ers.infd.edu.ar\/sitio\/wp-content\/uploads\/2018\/07\/WhatsApp_Image_2018-06-28_at_18.00.37.jpeg\" alt=\"\" border=\"0\" \/><\/p>\n","protected":false},"excerpt":{"rendered":"<p>Primer encuentro del Post\u00edtulo Actualizaci\u00f3n en Pr\u00e1cticas Docentes M\u00e1s de 300 docentes se reunieron para reflexionar sobre las pr\u00e1cticas En la jornada de ayer tuvo lugar el primer encuentro del Post\u00edtulo: \u0093Actualizaci\u00f3n Acad\u00e9mica en Pr\u00e1cticas Docentes\u0094 denominado \u0093La pr\u00e1ctica docente y su dimensi\u00f3n epistemol\u00f3gica\u0094 con la presencia de 300 docentes de los institutos de toda &#8230; <a title=\"M\u00e1s de 300 docentes se reunieron para reflexionar sobre las pr\u00e1cticas\" class=\"read-more\" href=\"https:\/\/des-ers.infd.edu.ar\/sitio\/mas-de-300-docentes-se-reunieron-para-reflexionar-sobre-las-practicas\/\" aria-label=\"More on M\u00e1s de 300 docentes se reunieron para reflexionar sobre las pr\u00e1cticas\">[+]<\/a><\/p>\n","protected":false},"author":2706,"featured_media":0,"comment_status":"open","ping_status":"open","sticky":false,"template":"","format":"standard","meta":[],"categories":[7,6],"tags":[],"acf":[],"_links":{"self":[{"href":"https:\/\/des-ers.infd.edu.ar\/sitio\/wp-json\/wp\/v2\/posts\/2839"}],"collection":[{"href":"https:\/\/des-ers.infd.edu.ar\/sitio\/wp-json\/wp\/v2\/posts"}],"about":[{"href":"https:\/\/des-ers.infd.edu.ar\/sitio\/wp-json\/wp\/v2\/types\/post"}],"author":[{"embeddable":true,"href":"https:\/\/des-ers.infd.edu.ar\/sitio\/wp-json\/wp\/v2\/users\/2706"}],"replies":[{"embeddable":true,"href":"https:\/\/des-ers.infd.edu.ar\/sitio\/wp-json\/wp\/v2\/comments?post=2839"}],"version-history":[{"count":1,"href":"https:\/\/des-ers.infd.edu.ar\/sitio\/wp-json\/wp\/v2\/posts\/2839\/revisions"}],"predecessor-version":[{"id":5510,"href":"https:\/\/des-ers.infd.edu.ar\/sitio\/wp-json\/wp\/v2\/posts\/2839\/revisions\/5510"}],"wp:attachment":[{"href":"https:\/\/des-ers.infd.edu.ar\/sitio\/wp-json\/wp\/v2\/media?parent=2839"}],"wp:term":[{"taxonomy":"category","embeddable":true,"href":"https:\/\/des-ers.infd.edu.ar\/sitio\/wp-json\/wp\/v2\/categories?post=2839"},{"taxonomy":"post_tag","embeddable":true,"href":"https:\/\/des-ers.infd.edu.ar\/sitio\/wp-json\/wp\/v2\/tags?post=2839"}],"curies":[{"name":"wp","href":"https:\/\/api.w.org\/{rel}","templated":true}]}}