{"id":2838,"date":"2018-06-29T00:00:00","date_gmt":"2018-06-29T00:00:00","guid":{"rendered":"https:\/\/des-ers.infd.edu.ar\/sitio\/la-direccion-presento-su-oferta-academica-en-la-feria-de-las-carreras\/"},"modified":"2018-06-29T00:00:00","modified_gmt":"2018-06-29T00:00:00","slug":"la-direccion-presento-su-oferta-academica-en-la-feria-de-las-carreras","status":"publish","type":"post","link":"https:\/\/des-ers.infd.edu.ar\/sitio\/la-direccion-presento-su-oferta-academica-en-la-feria-de-las-carreras\/","title":{"rendered":"La Direcci\u00f3n present\u00f3 su oferta acad\u00e9mica en la Feria de las Carreras"},"content":{"rendered":"<p class=\"sitio_noticia_volanta\" >\n<h3>La Direcci\u00f3n present\u00f3 su oferta acad\u00e9mica en la Feria de las Carreras<\/h3>\n<p class=\"sitio_noticia_copete\" >Con un stand dedicado a los profesorados y las tecnicaturas que se dictan en todo el territorio provincia, la Direcci\u00f3n de Educaci\u00f3n Superior particip\u00f3 de la sexta edici\u00f3n de la Feria de las Carreras organizada por el Instituto Becario de Entre R\u00edos<\/p>\n<hr class=\"sitio_noticia_contenido\" \/>\n<p >\n<p style=\"text-align: justify;\">Estudiantes de escuelas secundarias p&uacute;blicas y privadas pasaron por el stand de la feria donde se interiorizaron acerca de las propuestas acad&eacute;micas del nivel superior. Hicieron consultas, preguntaron acerca de los detalles y recorrido de cada carrera. En el acto de apertura participaron, junto a las autoridades del Becario y de las diferentes Universidades participantes, la Presidenta del Consejo General de Educaci&oacute;n, Marta Iraz&aacute;bal de Land&oacute; y la Directora de Superior, Mg. Marcela Mange&oacute;n.<\/p>\n<p style=\"text-align: justify;\"><img decoding=\"async\" title=\"\" src=\"https:\/\/des-ers.infd.edu.ar\/sitio\/wp-content\/uploads\/2018\/07\/36223018_2166055890294820_8624650834128404480_n.jpg\" border=\"0\" alt=\"\"><img decoding=\"async\" title=\"\" src=\"https:\/\/des-ers.infd.edu.ar\/sitio\/wp-content\/uploads\/2018\/07\/35970973_2166056243628118_4315239301118951424_n.jpg\" border=\"0\" alt=\"\"><br \/>Adem&aacute;s de la oferta acad&eacute;mica, los profesores Hector Valentini y Francisco Roych, integrantes del equipo t&eacute;cnico pedag&oacute;gico de la Direcci&oacute;n ofrecieron una charla taller para los estudiantes acerca de \u00abPor qu&eacute; y para qu&eacute; educar\u00bb, donde se plantearon propuestas, interrogantes y disparadores acerca de la formaci&oacute;n docente.<\/p>\n<p style=\"text-align: justify;\"><img decoding=\"async\" title=\"\" src=\"https:\/\/des-ers.infd.edu.ar\/sitio\/wp-content\/uploads\/2018\/07\/36329396_1305335909600651_1678039418989969408_o.jpg\" border=\"0\" alt=\"\"><\/p>\n<p style=\"text-align: justify;\">&nbsp;<\/p><\/p>\n","protected":false},"excerpt":{"rendered":"<p>La Direcci\u00f3n present\u00f3 su oferta acad\u00e9mica en la Feria de las Carreras Con un stand dedicado a los profesorados y las tecnicaturas que se dictan en todo el territorio provincia, la Direcci\u00f3n de Educaci\u00f3n Superior particip\u00f3 de la sexta edici\u00f3n de la Feria de las Carreras organizada por el Instituto Becario de Entre R\u00edos Estudiantes &#8230; <a title=\"La Direcci\u00f3n present\u00f3 su oferta acad\u00e9mica en la Feria de las Carreras\" class=\"read-more\" href=\"https:\/\/des-ers.infd.edu.ar\/sitio\/la-direccion-presento-su-oferta-academica-en-la-feria-de-las-carreras\/\" aria-label=\"More on La Direcci\u00f3n present\u00f3 su oferta acad\u00e9mica en la Feria de las Carreras\">[+]<\/a><\/p>\n","protected":false},"author":2706,"featured_media":0,"comment_status":"open","ping_status":"open","sticky":false,"template":"","format":"standard","meta":[],"categories":[7,6],"tags":[],"acf":[],"_links":{"self":[{"href":"https:\/\/des-ers.infd.edu.ar\/sitio\/wp-json\/wp\/v2\/posts\/2838"}],"collection":[{"href":"https:\/\/des-ers.infd.edu.ar\/sitio\/wp-json\/wp\/v2\/posts"}],"about":[{"href":"https:\/\/des-ers.infd.edu.ar\/sitio\/wp-json\/wp\/v2\/types\/post"}],"author":[{"embeddable":true,"href":"https:\/\/des-ers.infd.edu.ar\/sitio\/wp-json\/wp\/v2\/users\/2706"}],"replies":[{"embeddable":true,"href":"https:\/\/des-ers.infd.edu.ar\/sitio\/wp-json\/wp\/v2\/comments?post=2838"}],"version-history":[{"count":0,"href":"https:\/\/des-ers.infd.edu.ar\/sitio\/wp-json\/wp\/v2\/posts\/2838\/revisions"}],"wp:attachment":[{"href":"https:\/\/des-ers.infd.edu.ar\/sitio\/wp-json\/wp\/v2\/media?parent=2838"}],"wp:term":[{"taxonomy":"category","embeddable":true,"href":"https:\/\/des-ers.infd.edu.ar\/sitio\/wp-json\/wp\/v2\/categories?post=2838"},{"taxonomy":"post_tag","embeddable":true,"href":"https:\/\/des-ers.infd.edu.ar\/sitio\/wp-json\/wp\/v2\/tags?post=2838"}],"curies":[{"name":"wp","href":"https:\/\/api.w.org\/{rel}","templated":true}]}}